{"id":1359,"date":"2019-03-13T14:09:28","date_gmt":"2019-03-13T13:09:28","guid":{"rendered":"https:\/\/spie-wirliebenkabel.de\/?p=1359"},"modified":"2019-03-13T14:09:28","modified_gmt":"2019-03-13T13:09:28","slug":"wir-haben-den-burghauner-ortsteil-fertig-gebaut","status":"publish","type":"post","link":"https:\/\/spie-wirliebenkabel.de\/pl\/wir-haben-den-burghauner-ortsteil-fertig-gebaut\/","title":{"rendered":"Wir haben den Burghauner Ortsteil fertig gebaut!"},"content":{"rendered":"<p>Wir haben fertig gebaut! Der Burghauner Ortsteil wird mit seinem Glasfasernetz feierlich freigeschaltet. Sogar der ortsans\u00e4ssige Kindergarten Kiebitznest war mit dabei und singt uns und allen Teilnehmern ein St\u00e4ndchen! So macht die Arbeit Spa\u00df. Wir sagen Danke f\u00fcr die gute Zusammenarbeit mit allen Beteiligten &#8211; B\u00fcrgermeister <a class=\"profileLink\" href=\"https:\/\/www.facebook.com\/simonsauerbierburghaun\/?__tn__=K-R&amp;eid=ARBgYEgmDlnNZ_I3bxpknCApY0mORFeeC43qOiBatuCUSqo2jSCuaSdsXORJR0454OLHcQj-KSawgbIn&amp;fref=mentions&amp;__xts__%5B0%5D=68.ARDVapBGFYxBHww6gP6Bid3L1zkD77V7zGSydFV1ok9u9NvtPTkdoENohm652J79Pn34JvMCom9kUvE_7_efZqtiEufu8VXnBJBggQO84LzKgk0QKpC-Q2fkMZ49dRx0P25uBO1G4gzFwxOJnjgGIdKEzLI8A-8TTSV-uAMrb7QHQgRoO7H5JcL8UqICmGMVgm26W8V4ljSfIvg0Nb-7cJRQ0oY-PD3ZjD1DdJM4MREJIcAOH_MC1eNNZZKheiWpuUTs9dgs-R0pR5xlP90bZ0KnUtFS2Gcu-Om36uHKlEAwyy_ppDBAw0_71rbzoZFk3b_8Rva2A99JlDsYgjGt3-U\" data-hovercard=\"\/ajax\/hovercard\/page.php?id=710070052420607&amp;extragetparams=%7B%22__tn__%22%3A%22%2CdK-R-R%22%2C%22eid%22%3A%22ARBgYEgmDlnNZ_I3bxpknCApY0mORFeeC43qOiBatuCUSqo2jSCuaSdsXORJR0454OLHcQj-KSawgbIn%22%2C%22fref%22%3A%22mentions%22%7D&amp;av=261786794199167&amp;eav=Afbmc_8p8TVE1JBSbWJ9VxjV5_5gVr8DswnsqgV__bb4fZxmbu_iATkkMX7I6LwGlSI\" data-hovercard-prefer-more-content-show=\"1\">Simon Sauerbier<\/a> und Landrat <a class=\"profileLink\" href=\"https:\/\/www.facebook.com\/pages\/Bernd-Woide\/404138996388092?__tn__=K-R&amp;eid=ARBq2Z1zhxDvU3p2_WQwubBVXSXmVDkyRvFg8A60eAFHguENr9ADqhbE2Zw1RhQTgY9l1jVqnpVHQcWg&amp;fref=mentions&amp;__xts__%5B0%5D=68.ARDVapBGFYxBHww6gP6Bid3L1zkD77V7zGSydFV1ok9u9NvtPTkdoENohm652J79Pn34JvMCom9kUvE_7_efZqtiEufu8VXnBJBggQO84LzKgk0QKpC-Q2fkMZ49dRx0P25uBO1G4gzFwxOJnjgGIdKEzLI8A-8TTSV-uAMrb7QHQgRoO7H5JcL8UqICmGMVgm26W8V4ljSfIvg0Nb-7cJRQ0oY-PD3ZjD1DdJM4MREJIcAOH_MC1eNNZZKheiWpuUTs9dgs-R0pR5xlP90bZ0KnUtFS2Gcu-Om36uHKlEAwyy_ppDBAw0_71rbzoZFk3b_8Rva2A99JlDsYgjGt3-U\" data-hovercard=\"\/ajax\/hovercard\/page.php?id=404138996388092&amp;extragetparams=%7B%22__tn__%22%3A%22%2CdK-R-R%22%2C%22eid%22%3A%22ARBq2Z1zhxDvU3p2_WQwubBVXSXmVDkyRvFg8A60eAFHguENr9ADqhbE2Zw1RhQTgY9l1jVqnpVHQcWg%22%2C%22fref%22%3A%22mentions%22%7D&amp;av=261786794199167&amp;eav=AfZMXGYVdsFt3EUfMypqhvyvU4mG1etL8gSPU1Sk2KgQZlWinjFhO2ot4yWDwK-rXt4\" data-hovercard-prefer-more-content-show=\"1\">Bernd Woide<\/a> sowie Vertreter von Bund und Land und die <a class=\"profileLink\" href=\"https:\/\/www.facebook.com\/telekomerleben\/?__tn__=K-R&amp;eid=ARD1rrSKL9ZqFCTto-2UkhqqbO_lLaLBdFIu-0zH5LVMBLdKElKay_BZ8mnNd_C3iunGhNCwTJvcTRxn&amp;fref=mentions&amp;__xts__%5B0%5D=68.ARDVapBGFYxBHww6gP6Bid3L1zkD77V7zGSydFV1ok9u9NvtPTkdoENohm652J79Pn34JvMCom9kUvE_7_efZqtiEufu8VXnBJBggQO84LzKgk0QKpC-Q2fkMZ49dRx0P25uBO1G4gzFwxOJnjgGIdKEzLI8A-8TTSV-uAMrb7QHQgRoO7H5JcL8UqICmGMVgm26W8V4ljSfIvg0Nb-7cJRQ0oY-PD3ZjD1DdJM4MREJIcAOH_MC1eNNZZKheiWpuUTs9dgs-R0pR5xlP90bZ0KnUtFS2Gcu-Om36uHKlEAwyy_ppDBAw0_71rbzoZFk3b_8Rva2A99JlDsYgjGt3-U\" data-hovercard=\"\/ajax\/hovercard\/page.php?id=110926408943595&amp;extragetparams=%7B%22__tn__%22%3A%22%2CdK-R-R%22%2C%22eid%22%3A%22ARD1rrSKL9ZqFCTto-2UkhqqbO_lLaLBdFIu-0zH5LVMBLdKElKay_BZ8mnNd_C3iunGhNCwTJvcTRxn%22%2C%22fref%22%3A%22mentions%22%7D&amp;av=261786794199167&amp;eav=Afbl9dWHMwJ4G_VISf-k6Zk---BtbVkrdZZ6nVtF2xJuezSMm3jcvUhqLYrY7zClZWY\" data-hovercard-prefer-more-content-show=\"1\">Telekom erleben<\/a> kamen nach Gro\u00dfenmoor um gemeinsam den Startknopf zu dr\u00fccken.<br \/>\n<a class=\"_58cn\" href=\"https:\/\/www.facebook.com\/hashtag\/wirliebenkabel?source=feed_text&amp;epa=HASHTAG&amp;__xts__%5B0%5D=68.ARDVapBGFYxBHww6gP6Bid3L1zkD77V7zGSydFV1ok9u9NvtPTkdoENohm652J79Pn34JvMCom9kUvE_7_efZqtiEufu8VXnBJBggQO84LzKgk0QKpC-Q2fkMZ49dRx0P25uBO1G4gzFwxOJnjgGIdKEzLI8A-8TTSV-uAMrb7QHQgRoO7H5JcL8UqICmGMVgm26W8V4ljSfIvg0Nb-7cJRQ0oY-PD3ZjD1DdJM4MREJIcAOH_MC1eNNZZKheiWpuUTs9dgs-R0pR5xlP90bZ0KnUtFS2Gcu-Om36uHKlEAwyy_ppDBAw0_71rbzoZFk3b_8Rva2A99JlDsYgjGt3-U&amp;__tn__=%2ANK-R\" data-ft=\"{&quot;type&quot;:104,&quot;tn&quot;:&quot;*N&quot;}\"><span class=\"_5afx\"><span class=\"_58cl _5afz\" aria-label=\"Hashtag\">#<\/span><span class=\"_58cm\">wirliebenkabel<\/span><\/span><\/a> <a class=\"_58cn\" href=\"https:\/\/www.facebook.com\/hashtag\/schnellerschnellesinternet?source=feed_text&amp;epa=HASHTAG&amp;__xts__%5B0%5D=68.ARDVapBGFYxBHww6gP6Bid3L1zkD77V7zGSydFV1ok9u9NvtPTkdoENohm652J79Pn34JvMCom9kUvE_7_efZqtiEufu8VXnBJBggQO84LzKgk0QKpC-Q2fkMZ49dRx0P25uBO1G4gzFwxOJnjgGIdKEzLI8A-8TTSV-uAMrb7QHQgRoO7H5JcL8UqICmGMVgm26W8V4ljSfIvg0Nb-7cJRQ0oY-PD3ZjD1DdJM4MREJIcAOH_MC1eNNZZKheiWpuUTs9dgs-R0pR5xlP90bZ0KnUtFS2Gcu-Om36uHKlEAwyy_ppDBAw0_71rbzoZFk3b_8Rva2A99JlDsYgjGt3-U&amp;__tn__=%2ANK-R\" data-ft=\"{&quot;type&quot;:104,&quot;tn&quot;:&quot;*N&quot;}\"><span class=\"_5afx\"><span class=\"_58cl _5afz\" aria-label=\"Hashtag\">#<\/span><span class=\"_58cm\">schnellerschnellesInternet<\/span><\/span><\/a> <a class=\"_58cn\" href=\"https:\/\/www.facebook.com\/hashtag\/wirbauendiezukunft?source=feed_text&amp;epa=HASHTAG&amp;__xts__%5B0%5D=68.ARDVapBGFYxBHww6gP6Bid3L1zkD77V7zGSydFV1ok9u9NvtPTkdoENohm652J79Pn34JvMCom9kUvE_7_efZqtiEufu8VXnBJBggQO84LzKgk0QKpC-Q2fkMZ49dRx0P25uBO1G4gzFwxOJnjgGIdKEzLI8A-8TTSV-uAMrb7QHQgRoO7H5JcL8UqICmGMVgm26W8V4ljSfIvg0Nb-7cJRQ0oY-PD3ZjD1DdJM4MREJIcAOH_MC1eNNZZKheiWpuUTs9dgs-R0pR5xlP90bZ0KnUtFS2Gcu-Om36uHKlEAwyy_ppDBAw0_71rbzoZFk3b_8Rva2A99JlDsYgjGt3-U&amp;__tn__=%2ANK-R\" data-ft=\"{&quot;type&quot;:104,&quot;tn&quot;:&quot;*N&quot;}\"><span class=\"_5afx\"><span class=\"_58cl _5afz\" aria-label=\"Hashtag\">#<\/span><span class=\"_58cm\">wirbauendieZukunft<\/span><\/span><\/a> <a class=\"_58cn\" href=\"https:\/\/www.facebook.com\/hashtag\/kindergartenkiebitznest?source=feed_text&amp;epa=HASHTAG&amp;__xts__%5B0%5D=68.ARDVapBGFYxBHww6gP6Bid3L1zkD77V7zGSydFV1ok9u9NvtPTkdoENohm652J79Pn34JvMCom9kUvE_7_efZqtiEufu8VXnBJBggQO84LzKgk0QKpC-Q2fkMZ49dRx0P25uBO1G4gzFwxOJnjgGIdKEzLI8A-8TTSV-uAMrb7QHQgRoO7H5JcL8UqICmGMVgm26W8V4ljSfIvg0Nb-7cJRQ0oY-PD3ZjD1DdJM4MREJIcAOH_MC1eNNZZKheiWpuUTs9dgs-R0pR5xlP90bZ0KnUtFS2Gcu-Om36uHKlEAwyy_ppDBAw0_71rbzoZFk3b_8Rva2A99JlDsYgjGt3-U&amp;__tn__=%2ANK-R\" data-ft=\"{&quot;type&quot;:104,&quot;tn&quot;:&quot;*N&quot;}\"><span class=\"_5afx\"><span class=\"_58cl _5afz\" aria-label=\"Hashtag\">#<\/span><span class=\"_58cm\">KindergartenKiebitznest<\/span><\/span><\/a> <a class=\"_58cn\" href=\"https:\/\/www.facebook.com\/hashtag\/telekom?source=feed_text&amp;epa=HASHTAG&amp;__xts__%5B0%5D=68.ARDVapBGFYxBHww6gP6Bid3L1zkD77V7zGSydFV1ok9u9NvtPTkdoENohm652J79Pn34JvMCom9kUvE_7_efZqtiEufu8VXnBJBggQO84LzKgk0QKpC-Q2fkMZ49dRx0P25uBO1G4gzFwxOJnjgGIdKEzLI8A-8TTSV-uAMrb7QHQgRoO7H5JcL8UqICmGMVgm26W8V4ljSfIvg0Nb-7cJRQ0oY-PD3ZjD1DdJM4MREJIcAOH_MC1eNNZZKheiWpuUTs9dgs-R0pR5xlP90bZ0KnUtFS2Gcu-Om36uHKlEAwyy_ppDBAw0_71rbzoZFk3b_8Rva2A99JlDsYgjGt3-U&amp;__tn__=%2ANK-R\" data-ft=\"{&quot;type&quot;:104,&quot;tn&quot;:&quot;*N&quot;}\"><span class=\"_5afx\"><span class=\"_58cl _5afz\" aria-label=\"Hashtag\">#<\/span><span class=\"_58cm\">Telekom<\/span><\/span><\/a><\/p>\n<p>&nbsp;<\/p>\n<p>Auch einige Zeitungen berichten von unserem Ausbau:<\/p>\n<p><a href=\"https:\/\/osthessen-news.de\/n11612747\/zwiebelploatz-und-feuerwerk-fuers-schnelle-internet-glasfasernetz-freigeschaltet.html\">Die Osthessen-News berichten.<\/a><\/p>\n<p>Auch die <a href=\"https:\/\/www.fuldaerzeitung.de\/regional\/huenfeld\/groenmoorer-kindergartenkinder-nehmen-schnelles-internet-in-empfang-JN8825092\">Fuldaer Zeitung hat einen sch\u00f6nen Artikel<\/a> verfasst.<\/p>\n<p>&nbsp;<\/p>\n","protected":false},"excerpt":{"rendered":"<p>Wir haben fertig gebaut! Der Burghauner Ortsteil wird mit seinem Glasfasernetz feierlich freigeschaltet. Sogar der ortsans\u00e4ssige Kindergarten Kiebitznest war mit dabei und singt uns und allen Teilnehmern ein St\u00e4ndchen! So macht die Arbeit Spa\u00df. Wir sagen Danke f\u00fcr die gute Zusammenarbeit mit allen Beteiligten &#8211; B\u00fcrgermeister Simon Sauerbier und Landrat Bernd Woide sowie Vertreter von [&hellip;]<\/p>\n","protected":false},"author":1,"featured_media":0,"comment_status":"open","ping_status":"open","sticky":false,"template":"","format":"standard","meta":{"_acf_changed":false,"inline_featured_image":false,"footnotes":""},"categories":[1],"tags":[],"class_list":["post-1359","post","type-post","status-publish","format-standard","hentry","category-unkategorisiert"],"acf":[],"_links":{"self":[{"href":"https:\/\/spie-wirliebenkabel.de\/pl\/wp-json\/wp\/v2\/posts\/1359","targetHints":{"allow":["GET"]}}],"collection":[{"href":"https:\/\/spie-wirliebenkabel.de\/pl\/wp-json\/wp\/v2\/posts"}],"about":[{"href":"https:\/\/spie-wirliebenkabel.de\/pl\/wp-json\/wp\/v2\/types\/post"}],"author":[{"embeddable":true,"href":"https:\/\/spie-wirliebenkabel.de\/pl\/wp-json\/wp\/v2\/users\/1"}],"replies":[{"embeddable":true,"href":"https:\/\/spie-wirliebenkabel.de\/pl\/wp-json\/wp\/v2\/comments?post=1359"}],"version-history":[{"count":0,"href":"https:\/\/spie-wirliebenkabel.de\/pl\/wp-json\/wp\/v2\/posts\/1359\/revisions"}],"wp:attachment":[{"href":"https:\/\/spie-wirliebenkabel.de\/pl\/wp-json\/wp\/v2\/media?parent=1359"}],"wp:term":[{"taxonomy":"category","embeddable":true,"href":"https:\/\/spie-wirliebenkabel.de\/pl\/wp-json\/wp\/v2\/categories?post=1359"},{"taxonomy":"post_tag","embeddable":true,"href":"https:\/\/spie-wirliebenkabel.de\/pl\/wp-json\/wp\/v2\/tags?post=1359"}],"curies":[{"name":"wp","href":"https:\/\/api.w.org\/{rel}","templated":true}]}}